{"id":3167,"date":"2017-11-15T20:09:15","date_gmt":"2017-11-15T20:09:15","guid":{"rendered":"https:\/\/www.plm.ba\/izlozba-koja-svjedoci-o-65-godina-dugoj-tradiciji-pozorista-lutaka-mostar\/"},"modified":"2017-11-15T20:09:15","modified_gmt":"2017-11-15T20:09:15","slug":"izlozba-koja-svjedoci-o-65-godina-dugoj-tradiciji-pozorista-lutaka-mostar","status":"publish","type":"post","link":"https:\/\/www.plm.ba\/en\/2017\/press\/izlozba-koja-svjedoci-o-65-godina-dugoj-tradiciji-pozorista-lutaka-mostar\/","title":{"rendered":"Izlo\u017eba koja svjedo\u010di o 65 godina dugoj tradiciji Pozori\u0161ta lutaka Mostar"},"content":{"rendered":"<div class=\"wpb-content-wrapper\">[vc_row][vc_column][vc_column_text]U okviru obilje\u017eavanja jubileja 65 godina postojanja Pozori\u0161ta lutaka u Mostaru ve\u010deras je u Centru za kulturu Grada Mostara otvorena izlo\u017eba iz arhive Pozori\u0161ta lutaka.<\/p>\n<p>Izlo\u017ebu je pripremila ranija direktorica ovog Pozori\u0161ta Ranka Muteveli\u0107. Na izlo\u017ebi je postavljen materijal iz bogatog i u najte\u017eim vremenima, sa\u010duvanog arhiva ove ku\u0107e, od davne 1952. godine do danas, brojni stari dokumenti, fotografije, isje\u010dci iz \u0161tampe, scenografije i lutke.<\/p>\n<p>Glumac Pozori\u0161ta lutaka Ned\u017ead Maksumi\u0107, koji je u ovoj instituciji od 1997. godine, je u svom obra\u0107anju prisutnima podsjetio da je Pozori\u0161te osnovano Odlukom Narodnog odbora grada Mostara, koji je jo\u0161 1949. godine prihvatio inicijativu gospodina Safeta \u0106i\u0161i\u0107a za otvaranje Pozori\u0161ta lutaka u Mostaru.<\/p>\n<p>\u201cPrva premijera \u201cSnje\u017eana i sedam patuljaka\u201d i otvaranje pozori\u0161ne zgrade bilo je na dana\u0161nji datum, 15. novembra davne 1952. godine. U ratu o\u0161te\u0107ena zgrada jevrejske sinagoge (Havre) prema Sporazumu izme\u0111u Skup\u0161tine op\u0161tine Mostar i Jevrejske op\u0161tine u Mostaru , adaptirana je u lutkarski teatar , koji se tada nazivao Gradsko pozori\u0161te lutaka. Vremenom je Pozori\u0161te lutaka izraslo u presti\u017eno profesionalno lutkarsko pozori\u0161te u biv\u0161oj Jugoslaviji. A onda je do\u0161ao rat, zgrada je razorena , oplja\u010dkana, a glumci rastjerani, oti\u0161li, pobjegli. Nakon zavr\u0161etka rata po\u010dela je mukotrpna obnova i zgrade i ansambla\u201d, rekao je Maksumi\u0107.<\/p>\n<p>Gluma\u010dki ansambl danas broji 5 glumaca (Ned\u017ead Maksumi\u0107, Dijana Ondelj Maksumi\u0107, Sergio Rado\u0161, Nermina Denjo i Igor Vida\u010dkovi\u0107), a ima ukupno 10 zaposlenih.<\/p>\n<p>Direktor Edin Kmeta\u0161 rekao je izme\u0111u ostalog da je Pozori\u0161te lutaka dr\u017eavna institucija, dostojanstvena, kvalitetna postojana , institucija koja \u0107e se svom snagom s vlastima ovog grada i dr\u017eave boriti da se omogu\u0107i nesmetan rad , obnove i modernizuju objekti, zaposle mladi kako bi se radilo vi\u0161e, te umjesto jedne imali tri premijere godi\u0161nje , te napravila kvalitetna radionica za izradu scenografije i lutaka, ali i sistemski odgajao nov kadar s doma\u0107im snagama.<\/p>\n<p>Na ve\u010dera\u0161njoj sve\u010danosti dodjeljene su diplome zaposlenicima koji su u ovoj instituciji kulture proveli 20 i vi\u0161e godina, te zahvalnice pojedincima i organizacijama koji su pomogli rad, postojanje i razvoj ove ugledne teatarske ku\u0107e.<\/p>\n<p><a href=\"http:\/\/mostarski.ba\/u-centru-za-kulturu-otvorena-izlozba-koja-svjedoci-o-65-godina-dugoj-tradiciji-pozorista-lutaka-mostar\/\" target=\"_blank\" rel=\"noopener\">Mostarski.ba<\/a>[\/vc_column_text][\/vc_column][\/vc_row][vc_row][vc_column][vc_gallery type=&#8221;image_grid&#8221; images=&#8221;2235,2234,2233,2232,2231,2230,2229,2228,2227,2226,2225,2224,2223,2221&#8243; title=&#8221;Foto galerija&#8221;][\/vc_column][\/vc_row]\n<\/div>","protected":false},"excerpt":{"rendered":"<p>Na izlo\u017ebi je postavljen materijal iz bogatog i u najte\u017eim vremenima, sa\u010duvanog arhiva ove ku\u0107e, od davne 1952. godine do danas, brojni stari dokumenti, fotografije, isje\u010dci iz \u0161tampe, scenografije i lutke.<\/p>\n","protected":false},"author":1,"featured_media":2387,"comment_status":"closed","ping_status":"open","sticky":false,"template":"","format":"standard","meta":{"inline_featured_image":false,"footnotes":""},"categories":[1],"tags":[],"class_list":["post-3167","post","type-post","status-publish","format-standard","has-post-thumbnail","hentry","category-press"],"_links":{"self":[{"href":"https:\/\/www.plm.ba\/en\/wp-json\/wp\/v2\/posts\/3167","targetHints":{"allow":["GET"]}}],"collection":[{"href":"https:\/\/www.plm.ba\/en\/wp-json\/wp\/v2\/posts"}],"about":[{"href":"https:\/\/www.plm.ba\/en\/wp-json\/wp\/v2\/types\/post"}],"author":[{"embeddable":true,"href":"https:\/\/www.plm.ba\/en\/wp-json\/wp\/v2\/users\/1"}],"replies":[{"embeddable":true,"href":"https:\/\/www.plm.ba\/en\/wp-json\/wp\/v2\/comments?post=3167"}],"version-history":[{"count":0,"href":"https:\/\/www.plm.ba\/en\/wp-json\/wp\/v2\/posts\/3167\/revisions"}],"wp:featuredmedia":[{"embeddable":true,"href":"https:\/\/www.plm.ba\/en\/wp-json\/wp\/v2\/media\/2387"}],"wp:attachment":[{"href":"https:\/\/www.plm.ba\/en\/wp-json\/wp\/v2\/media?parent=3167"}],"wp:term":[{"taxonomy":"category","embeddable":true,"href":"https:\/\/www.plm.ba\/en\/wp-json\/wp\/v2\/categories?post=3167"},{"taxonomy":"post_tag","embeddable":true,"href":"https:\/\/www.plm.ba\/en\/wp-json\/wp\/v2\/tags?post=3167"}],"curies":[{"name":"wp","href":"https:\/\/api.w.org\/{rel}","templated":true}]}}