{"id":3168,"date":"2017-11-14T14:12:55","date_gmt":"2017-11-14T14:12:55","guid":{"rendered":"https:\/\/www.plm.ba\/65-godina-na-istoj-adresi-s-istim-imenom\/"},"modified":"2017-11-14T14:12:55","modified_gmt":"2017-11-14T14:12:55","slug":"65-godina-na-istoj-adresi-s-istim-imenom","status":"publish","type":"post","link":"https:\/\/www.plm.ba\/en\/2017\/press\/65-godina-na-istoj-adresi-s-istim-imenom\/","title":{"rendered":"65 godina na istoj adresi s istim imenom"},"content":{"rendered":"<p>Pozori\u0161te lutaka Mostar na press konferenciji za medije danas je predstavilo program s kojim \u0107e se obilje\u017eiti 65 godina ove kulturne institucije. Veliki jubilej i program ove teatarske ku\u0107e medijima su prezentirali direktor Pozori\u0161ta lutaka Edin Kmeta\u0161, poznati i vi\u0161estruko nagra\u0111ivani glumac Ned\u017ead Maksumi\u0107, te Diana Ondelj Maksumi\u0107.<\/p>\n<p>&#8220;Pripremili smo \u010detiri programa, sutra, 15. studenog na dan prve predstave u pozori\u0161tu, pripremili smo veliku izlo\u017ebu iz arhiva pozori\u0161ta u Centru za kulturu (CK) Grada Mostara. Na ovoj izlo\u017ebi prikazati \u0107emo fotografije, lutke i scenografije koje smo izra\u0111ivali kroz sve godine postojanja na\u0161e ku\u0107e. Izlo\u017eba \u0107e biti otvorena u 20 sati&#8221;, rekao je Kmeta\u0161 dodaju\u0107i kako je izlo\u017ebu pripremila ranija direktorica pozori\u0161ta Ranka Muteveli\u0107.<\/p>\n<p>Glumac Ned\u017ead Maksumi\u0107 kazao je kako je Pozori\u0161te lutaka Mostar ve\u0107 65 godina na jednoj te istoj adresi, u istoj zgradi sa istim imenom kojeg se nikad nisu odrekli niti \u0107e se odre\u0107i. &#8220;Pozori\u0161te lutaka Mostar je najnagra\u0111ivanije pozori\u0161te u BiH&#8221;, dodao je Maksumi\u0107. &#8220;U na\u0161oj ku\u0107i gostovali su najbolji umjetnici, tra\u017eili smo najbolje da bismo i sami bili bolji, da bismo u\u010dili od tih teatarskih stru\u010dnjaka i ponudili na\u0161oj publici uvijek iznova nove projekte s profesionalnim i umjetni\u010dkim dignitetom i porukom ljudskosti koja \u0107e u dje\u010djem sje\u0107anju ostati do kraja njihovog \u017eivota\u201d rekao je Maksumi\u0107.<\/p>\n<p>&#8220;\u017delimo o\u017eivjeti \u2018Malu scenu\u2019, s djecom iz osnovnih \u0161kola koja \u0107e raditi s najboljim pedagozima i glumcima te odigrati klasik Branka \u0106opi\u0107a &#8216;Je\u017eevu ku\u0107u&#8217;. Planirana je promocija prvog CD-a pjesama iz predstava LP Mostar, a u prosincu po\u010dinjemo raditi na novoj predstavi koju \u0107e re\u017eirati mlada bugarska redateljica Elica Petkova\u201d, kazao je direktor Edin Kmeta\u0161.<\/p>\n<p>Pozori\u0161te lutaka Mostar uz pomo\u0107 Agencije Stari grad planira da uradi rekonstrukciju kompletne zgrade. Radit \u0107e se na utopljavanju zgrade radi u\u0161tede energije, uradit \u0107e se zamjena krovne konstrukcije, presvla\u010dit \u0107e se stolice te pro\u0161iriti sjede\u0107i kapaciteti i izgraditi sru\u0161ene radionice poru\u010dili su iz pozori\u0161ta.<\/p>\n<p><a href=\"https:\/\/www.bljesak.info\/kultura\/kazaliste\/pozoriste-lutaka-press\/218647\" target=\"_blank\" rel=\"noopener\">Bljesak.info<\/a><\/p>\n","protected":false},"excerpt":{"rendered":"<p>Veliki jubilej i program ove teatarske ku\u0107e medijima su prezentirali direktor Pozori\u0161ta lutaka Edin Kmeta\u0161, poznati i vi\u0161estruko nagra\u0111ivani glumac Ned\u017ead Maksumi\u0107, te Diana Ondelj Maksumi\u0107.<\/p>\n","protected":false},"author":1,"featured_media":2385,"comment_status":"closed","ping_status":"open","sticky":false,"template":"","format":"standard","meta":{"inline_featured_image":false,"footnotes":""},"categories":[1],"tags":[],"class_list":["post-3168","post","type-post","status-publish","format-standard","has-post-thumbnail","hentry","category-press"],"_links":{"self":[{"href":"https:\/\/www.plm.ba\/en\/wp-json\/wp\/v2\/posts\/3168","targetHints":{"allow":["GET"]}}],"collection":[{"href":"https:\/\/www.plm.ba\/en\/wp-json\/wp\/v2\/posts"}],"about":[{"href":"https:\/\/www.plm.ba\/en\/wp-json\/wp\/v2\/types\/post"}],"author":[{"embeddable":true,"href":"https:\/\/www.plm.ba\/en\/wp-json\/wp\/v2\/users\/1"}],"replies":[{"embeddable":true,"href":"https:\/\/www.plm.ba\/en\/wp-json\/wp\/v2\/comments?post=3168"}],"version-history":[{"count":0,"href":"https:\/\/www.plm.ba\/en\/wp-json\/wp\/v2\/posts\/3168\/revisions"}],"wp:featuredmedia":[{"embeddable":true,"href":"https:\/\/www.plm.ba\/en\/wp-json\/wp\/v2\/media\/2385"}],"wp:attachment":[{"href":"https:\/\/www.plm.ba\/en\/wp-json\/wp\/v2\/media?parent=3168"}],"wp:term":[{"taxonomy":"category","embeddable":true,"href":"https:\/\/www.plm.ba\/en\/wp-json\/wp\/v2\/categories?post=3168"},{"taxonomy":"post_tag","embeddable":true,"href":"https:\/\/www.plm.ba\/en\/wp-json\/wp\/v2\/tags?post=3168"}],"curies":[{"name":"wp","href":"https:\/\/api.w.org\/{rel}","templated":true}]}}