{"id":3176,"date":"2017-06-08T10:34:53","date_gmt":"2017-06-08T10:34:53","guid":{"rendered":"https:\/\/www.plm.ba\/macak-u-cizmama-u-redovnom-terminu\/"},"modified":"2017-06-08T10:34:53","modified_gmt":"2017-06-08T10:34:53","slug":"macak-u-cizmama-u-redovnom-terminu","status":"publish","type":"post","link":"https:\/\/www.plm.ba\/en\/2017\/press\/macak-u-cizmama-u-redovnom-terminu\/","title":{"rendered":"&#8220;Ma\u010dak u \u010dizmama&#8221; u redovnom teriminu."},"content":{"rendered":"<p style=\"text-align: justify;\">U svom redovnom terminu, u nedjelju 11. juna u 11 sati Pozori\u0161te lutaka Mostar izvest \u0107e predstavu \u201eMa\u010dak u \u010dizmama\u201c prema bajci francuskog knji\u017eevnika Charlesa Peraulta, a u re\u017eiji poljske rediteljke Elzbiete Eysimont.<\/p>\n<p style=\"text-align: justify;\">Predstava je namijenjena djeci starijoj od \u010detiri godine.<\/p>\n<p style=\"text-align: justify;\">Ovo je jedna od najprepoznatljivijih predstava na repertoaru Pozori\u0161ta lutaka, na kojem se nalazi ve\u0107 punih petnaest godina. Pro\u0161la je brojne festivale, ostvarila zna\u010dajna gostovanja i osvojila va\u017ene n<span class=\"text_exposed_show\">agrade. Razigrana i puna odli\u010dnih songova svih ovih godina odu\u0161evljava djecu gdje god da se izvodi. U predstavi igraju Diana Ondelj-Maksumi\u0107, Nermina Denjo, Ser\u0111o Rado\u0161 i Ned\u017ead Maksumi\u0107.<\/span><\/p>\n<div class=\"text_exposed_show\">\n<p style=\"text-align: justify;\">Ulaznice po cijeni od 4KM mogu se nabaviti na blagajni Pozori\u0161ta lutaka sat vremena prije po\u010detka predstave.<\/p>\n<\/div>\n","protected":false},"excerpt":{"rendered":"<p>U svom redovnom terminu, u nedjelju 11. juna u 11 sati Pozori\u0161te lutaka Mostar izvest \u0107e predstavu \u201eMa\u010dak u \u010dizmama\u201c prema bajci francuskog knji\u017eevnika Charlesa Peraulta, a u re\u017eiji poljske rediteljke Elzbiete Eysimont.U svom redovnom terminu, u nedjelju 11. juna u 11 sati Pozori\u0161te lutaka Mostar izvest \u0107e predstavu \u201eMa\u010dak u \u010dizmama\u201c prema bajci francuskog knji\u017eevnika Charlesa Peraulta, a u re\u017eiji poljske rediteljke Elzbiete Eysimont.<\/p>\n","protected":false},"author":2,"featured_media":2617,"comment_status":"closed","ping_status":"open","sticky":false,"template":"","format":"standard","meta":{"inline_featured_image":false,"footnotes":""},"categories":[1],"tags":[],"class_list":["post-3176","post","type-post","status-publish","format-standard","has-post-thumbnail","hentry","category-press"],"_links":{"self":[{"href":"https:\/\/www.plm.ba\/en\/wp-json\/wp\/v2\/posts\/3176","targetHints":{"allow":["GET"]}}],"collection":[{"href":"https:\/\/www.plm.ba\/en\/wp-json\/wp\/v2\/posts"}],"about":[{"href":"https:\/\/www.plm.ba\/en\/wp-json\/wp\/v2\/types\/post"}],"author":[{"embeddable":true,"href":"https:\/\/www.plm.ba\/en\/wp-json\/wp\/v2\/users\/2"}],"replies":[{"embeddable":true,"href":"https:\/\/www.plm.ba\/en\/wp-json\/wp\/v2\/comments?post=3176"}],"version-history":[{"count":0,"href":"https:\/\/www.plm.ba\/en\/wp-json\/wp\/v2\/posts\/3176\/revisions"}],"wp:featuredmedia":[{"embeddable":true,"href":"https:\/\/www.plm.ba\/en\/wp-json\/wp\/v2\/media\/2617"}],"wp:attachment":[{"href":"https:\/\/www.plm.ba\/en\/wp-json\/wp\/v2\/media?parent=3176"}],"wp:term":[{"taxonomy":"category","embeddable":true,"href":"https:\/\/www.plm.ba\/en\/wp-json\/wp\/v2\/categories?post=3176"},{"taxonomy":"post_tag","embeddable":true,"href":"https:\/\/www.plm.ba\/en\/wp-json\/wp\/v2\/tags?post=3176"}],"curies":[{"name":"wp","href":"https:\/\/api.w.org\/{rel}","templated":true}]}}