{"id":3186,"date":"2016-12-29T20:19:17","date_gmt":"2016-12-29T20:19:17","guid":{"rendered":"https:\/\/www.plm.ba\/trazi-se-djeda-mraz-u-pozoristu-lutaka\/"},"modified":"2016-12-29T20:19:17","modified_gmt":"2016-12-29T20:19:17","slug":"trazi-se-djeda-mraz-u-pozoristu-lutaka","status":"publish","type":"post","link":"https:\/\/www.plm.ba\/en\/2016\/press\/trazi-se-djeda-mraz-u-pozoristu-lutaka\/","title":{"rendered":"\u201eTra\u017ei se Djeda Mraz\u201c u Pozori\u0161tu lutaka"},"content":{"rendered":"<p style=\"text-align: justify;\">\n<p style=\"text-align: justify;\">Posljednje dvije predstave u ovoj kalendarskoj godini, od svih mostarskih profesionalnih teatarskih ku\u0107a, u petak, 30. decembra, izvest \u0107e ansambl Pozori\u0161ta lutaka Mostar. Bi\u0107e to dva izvo\u0111enja njihove novogodi\u0161nje predstave \u201eTra\u017ei se Djeda Mraz\u201c, na kojima \u0107e ovaj sjedobradi lik iz ma\u0161te dijeliti poklone djeci Mostara.<\/p>\n<p style=\"text-align: justify;\">Ovu razigranu predstavu, u kojoj su i djeca iz publike akteri potrage za Djeda Mrazom, napisao je i re\u017eirao Ned\u017ead Maksumi\u0107, glumac i reditelj ove ku\u0107e. U predstavi igraju \u010dlanovi gluma\u010dkog ansambla ovog Pozori\u0161ta: Diana Ondelj-Maksumi\u0107, Nermina Denjo, Igor Vida\u010dkovi\u0107, Ned\u017ead Maksumi\u0107 i Ser\u0111o Rado\u0161.<\/p>\n<p style=\"text-align: justify;\">Na ovaj na\u010din Pozori\u0161te lutaka Mostar zaklju\u010duje jo\u0161 jedan uspje\u0161ni period svog rada i postojanja u kojem je ova proslavljena teatarska ustanova ponovno osvajala nagrade na zna\u010dajnim me\u0111unarodnim lutkarskim festivalima, gostovala na mnogim scenama i donosila osmijehe na lica svoje vjerne, najmla\u0111e publike.<\/p>\n<p style=\"text-align: justify;\">Predstava \u201eTra\u017ei se Djeda Mraz\u201c bi\u0107e izvedena u dva termina, u 17 i 30 i u 19 sati.<\/p>\n","protected":false},"excerpt":{"rendered":"<p>Posljednje dvije predstave u ovoj kalendarskoj godini, od svih mostarskih profesionalnih teatarskih ku\u0107a, u petak, 30. decembra, izvest \u0107e ansambl Pozori\u0161ta lutaka Mostar. Bi\u0107e to dva izvo\u0111enja njihove novogodi\u0161nje predstave \u201eTra\u017ei se Djeda Mraz\u201c, na kojima \u0107e ovaj sjedobradi lik iz ma\u0161te dijeliti poklone djeci Mostara.<\/p>\n","protected":false},"author":2,"featured_media":2628,"comment_status":"closed","ping_status":"open","sticky":false,"template":"","format":"standard","meta":{"inline_featured_image":false,"footnotes":""},"categories":[1],"tags":[],"class_list":["post-3186","post","type-post","status-publish","format-standard","has-post-thumbnail","hentry","category-press"],"_links":{"self":[{"href":"https:\/\/www.plm.ba\/en\/wp-json\/wp\/v2\/posts\/3186","targetHints":{"allow":["GET"]}}],"collection":[{"href":"https:\/\/www.plm.ba\/en\/wp-json\/wp\/v2\/posts"}],"about":[{"href":"https:\/\/www.plm.ba\/en\/wp-json\/wp\/v2\/types\/post"}],"author":[{"embeddable":true,"href":"https:\/\/www.plm.ba\/en\/wp-json\/wp\/v2\/users\/2"}],"replies":[{"embeddable":true,"href":"https:\/\/www.plm.ba\/en\/wp-json\/wp\/v2\/comments?post=3186"}],"version-history":[{"count":0,"href":"https:\/\/www.plm.ba\/en\/wp-json\/wp\/v2\/posts\/3186\/revisions"}],"wp:featuredmedia":[{"embeddable":true,"href":"https:\/\/www.plm.ba\/en\/wp-json\/wp\/v2\/media\/2628"}],"wp:attachment":[{"href":"https:\/\/www.plm.ba\/en\/wp-json\/wp\/v2\/media?parent=3186"}],"wp:term":[{"taxonomy":"category","embeddable":true,"href":"https:\/\/www.plm.ba\/en\/wp-json\/wp\/v2\/categories?post=3186"},{"taxonomy":"post_tag","embeddable":true,"href":"https:\/\/www.plm.ba\/en\/wp-json\/wp\/v2\/tags?post=3186"}],"curies":[{"name":"wp","href":"https:\/\/api.w.org\/{rel}","templated":true}]}}