{"id":3189,"date":"2016-10-07T11:34:28","date_gmt":"2016-10-07T11:34:28","guid":{"rendered":"https:\/\/www.plm.ba\/pozoriste-lutaka-na-medunarodnom-festivalu-pozorista-za-djecu-u-banja-luci\/"},"modified":"2016-10-07T11:34:28","modified_gmt":"2016-10-07T11:34:28","slug":"pozoriste-lutaka-na-medunarodnom-festivalu-pozorista-za-djecu-u-banja-luci","status":"publish","type":"post","link":"https:\/\/www.plm.ba\/en\/2016\/press\/pozoriste-lutaka-na-medunarodnom-festivalu-pozorista-za-djecu-u-banja-luci\/","title":{"rendered":"Pozori\u0161te lutaka na Me\u0111unarodnom festivalu pozori\u0161ta za djecu u Banja Luci"},"content":{"rendered":"<p style=\"text-align: justify;\">Pozori\u0161te lutaka Mostar sa svojom predstavom KRESIVO nastaloj prema bajci H.K.Andersena i u re\u017eiji gosta iz Bugarske Slav\u010da Malenova u\u010destvovat \u0107e na 15. Me\u0111unarodnom festivalu pozori\u0161ta za djecu u Banja Luci od 8. do 14. oktobra ove godine.<\/p>\n<p style=\"text-align: justify;\">Lutke za ovu predstavu kreirala je Silva Ba\u010dvarova, a scenografiju Vasil Rokomanov. Autor muzike je Malen Malenov, a u predstavi igraju Igor Vida\u010dkovi\u0107, Diana Ondelj Maksumi\u0107, Nermina Denjo, Ser\u0111o Rado\u0161 i Ned\u017ead Maksumi\u0107. Ova predstava je do sada na raznim doma\u0107im i me\u0111unarodnim festivalima osvojila pregr\u0161t nagrada me\u0111u kojima se posebno isti\u010de Grand Prix za najbolju predstavu na Me\u0111unarodnom festivalu Lut Fest u Isto\u010dnom Sarajevu.<\/p>\n<p style=\"text-align: justify;\">Tako\u0111e i glumci iz ove predstave vi\u0161estruko su nagra\u0111ivani.<br \/>\nIna\u010de, ovaj Festival je jedan od najzna\u010dajnijih lutkarskih festivala u regionu i na njemu se svake godine okupljaju ponajbolja lutkarska pozori\u0161ta iz Evrope i svijeta.<\/p>\n<p style=\"text-align: justify;\">Pozori\u0161te lutaka Mostar je, zahvaljuju\u0107i kvalitetu svojih predstava, redovan u\u010desnik ove lutkarske teatarske smotre.<\/p>\n<p style=\"text-align: justify;\">\n","protected":false},"excerpt":{"rendered":"<p>Pozori\u0161te lutaka Mostar sa svojom predstavom KRESIVO nastaloj prema bajci H.K.Andersena i u re\u017eiji gosta iz Bugarske Slav\u010da Malenova u\u010destvovat \u0107e na 15. Me\u0111unarodnom festivalu pozori\u0161ta za djecu u Banja Luci od 8. do 14. oktobra ove godine.<\/p>\n","protected":false},"author":2,"featured_media":2629,"comment_status":"closed","ping_status":"open","sticky":false,"template":"","format":"standard","meta":{"inline_featured_image":false,"footnotes":""},"categories":[1],"tags":[108],"class_list":["post-3189","post","type-post","status-publish","format-standard","has-post-thumbnail","hentry","category-press","tag-festival-en"],"_links":{"self":[{"href":"https:\/\/www.plm.ba\/en\/wp-json\/wp\/v2\/posts\/3189","targetHints":{"allow":["GET"]}}],"collection":[{"href":"https:\/\/www.plm.ba\/en\/wp-json\/wp\/v2\/posts"}],"about":[{"href":"https:\/\/www.plm.ba\/en\/wp-json\/wp\/v2\/types\/post"}],"author":[{"embeddable":true,"href":"https:\/\/www.plm.ba\/en\/wp-json\/wp\/v2\/users\/2"}],"replies":[{"embeddable":true,"href":"https:\/\/www.plm.ba\/en\/wp-json\/wp\/v2\/comments?post=3189"}],"version-history":[{"count":0,"href":"https:\/\/www.plm.ba\/en\/wp-json\/wp\/v2\/posts\/3189\/revisions"}],"wp:featuredmedia":[{"embeddable":true,"href":"https:\/\/www.plm.ba\/en\/wp-json\/wp\/v2\/media\/2629"}],"wp:attachment":[{"href":"https:\/\/www.plm.ba\/en\/wp-json\/wp\/v2\/media?parent=3189"}],"wp:term":[{"taxonomy":"category","embeddable":true,"href":"https:\/\/www.plm.ba\/en\/wp-json\/wp\/v2\/categories?post=3189"},{"taxonomy":"post_tag","embeddable":true,"href":"https:\/\/www.plm.ba\/en\/wp-json\/wp\/v2\/tags?post=3189"}],"curies":[{"name":"wp","href":"https:\/\/api.w.org\/{rel}","templated":true}]}}