{"id":3193,"date":"2016-09-21T15:36:01","date_gmt":"2016-09-21T15:36:01","guid":{"rendered":"https:\/\/www.plm.ba\/izlozba-posvecena-ceskom-kralju-karlu-iv\/"},"modified":"2016-09-21T15:36:01","modified_gmt":"2016-09-21T15:36:01","slug":"izlozba-posvecena-ceskom-kralju-karlu-iv","status":"publish","type":"post","link":"https:\/\/www.plm.ba\/en\/2016\/press\/izlozba-posvecena-ceskom-kralju-karlu-iv\/","title":{"rendered":"Izlo\u017eba posve\u0107ena \u010de\u0161kom kralju Karlu IV"},"content":{"rendered":"<p style=\"text-align: justify;\">Udru\u017eenje gra\u0111ana \u201eArhitekt Karel Par\u017eik\u201c \u010de\u0161ko-bosanskohercegova\u010dkog prijateljstva Mostar organizuje izlo\u017ebu povodom 700 godina ro\u0111enja \u010de\u0161kog kralja Karla IV. Izlo\u017eba \u0107e biti otvorena u \u010detvrtak, 22.9. u 19 sati, na Maloj sceni \u201eKarel \u010capek\u201c Pozori\u0161ta lutaka Mostar.<\/p>\n<p style=\"text-align: justify;\">Na otvorenju izlo\u017ebe nastupit \u0107e glumac Ned\u017ead Maksumi\u0107 koji \u0107e govoriti pjesme \u010de\u0161kog pjesnika Jir\u017eija \u0160otole i u\u010denik Muzi\u010dke \u0161kole Petar Mihi\u0107 koji \u0107e izvesti dvije kompozicije Antonina Dvor\u017eaka.<\/p>\n<p style=\"text-align: justify;\">Karlo IV za vrijeme svoga \u017eivota utemeljio je prvi slavenski univerzitet u Evropi jo\u0161 1348 godine i bio veliki mecena umjetnosti i arhitekture. Od poznatih znamenitosti za vrijeme njegove vladavine napravljen je Karlov most, Dvorac Hrad\u010dani, Katedralu \u201eSvetog Vita\u201c i Dvorac Karlstein. Bio je u\u010den \u010dovjek koji je govorio pet jezika i uspio je uzdignuti \u010ce\u0161ku i ekonomski i kulturno.<\/p>\n","protected":false},"excerpt":{"rendered":"<p>Udru\u017eenje gra\u0111ana \u201eArhitekt Karel Par\u017eik\u201c \u010de\u0161ko-bosanskohercegova\u010dkog prijateljstva Mostar organizuje izlo\u017ebu povodom 700 godina ro\u0111enja \u010de\u0161kog kralja Karla IV. Izlo\u017eba \u0107e biti otvorena u \u010detvrtak, 22.9. u 19 sati, na Maloj sceni \u201eKarel \u010capek\u201c Pozori\u0161ta lutaka Mostar.<\/p>\n","protected":false},"author":2,"featured_media":2630,"comment_status":"closed","ping_status":"open","sticky":false,"template":"","format":"standard","meta":{"inline_featured_image":false,"footnotes":""},"categories":[1],"tags":[],"class_list":["post-3193","post","type-post","status-publish","format-standard","has-post-thumbnail","hentry","category-press"],"_links":{"self":[{"href":"https:\/\/www.plm.ba\/en\/wp-json\/wp\/v2\/posts\/3193","targetHints":{"allow":["GET"]}}],"collection":[{"href":"https:\/\/www.plm.ba\/en\/wp-json\/wp\/v2\/posts"}],"about":[{"href":"https:\/\/www.plm.ba\/en\/wp-json\/wp\/v2\/types\/post"}],"author":[{"embeddable":true,"href":"https:\/\/www.plm.ba\/en\/wp-json\/wp\/v2\/users\/2"}],"replies":[{"embeddable":true,"href":"https:\/\/www.plm.ba\/en\/wp-json\/wp\/v2\/comments?post=3193"}],"version-history":[{"count":0,"href":"https:\/\/www.plm.ba\/en\/wp-json\/wp\/v2\/posts\/3193\/revisions"}],"wp:featuredmedia":[{"embeddable":true,"href":"https:\/\/www.plm.ba\/en\/wp-json\/wp\/v2\/media\/2630"}],"wp:attachment":[{"href":"https:\/\/www.plm.ba\/en\/wp-json\/wp\/v2\/media?parent=3193"}],"wp:term":[{"taxonomy":"category","embeddable":true,"href":"https:\/\/www.plm.ba\/en\/wp-json\/wp\/v2\/categories?post=3193"},{"taxonomy":"post_tag","embeddable":true,"href":"https:\/\/www.plm.ba\/en\/wp-json\/wp\/v2\/tags?post=3193"}],"curies":[{"name":"wp","href":"https:\/\/api.w.org\/{rel}","templated":true}]}}