{"id":3195,"date":"2016-04-30T12:45:46","date_gmt":"2016-04-30T12:45:46","guid":{"rendered":"https:\/\/www.plm.ba\/pozoriste-lutaka-otvara-festival-djecije-umjetnosti-u-sarajevu\/"},"modified":"2016-04-30T12:45:46","modified_gmt":"2016-04-30T12:45:46","slug":"pozoriste-lutaka-otvara-festival-djecije-umjetnosti-u-sarajevu","status":"publish","type":"post","link":"https:\/\/www.plm.ba\/en\/2016\/press\/pozoriste-lutaka-otvara-festival-djecije-umjetnosti-u-sarajevu\/","title":{"rendered":"Pozori\u0161te lutaka otvara Festival dje\u010dije umjetnosti u Sarajevu"},"content":{"rendered":"<p style=\"text-align: justify;\">Predstava KRESIVO Pozori\u0161ta lutaka Mostar, nastala prema bajci H.K. Andersena u re\u017eiji gosta iz Bugarske Slav\u010da Malenova, otvorit \u0107e Festival dje\u010dije umjetnosti (FEDU) koji se odr\u017eava u<br \/>\nSarajevu od 2. do 8. maja. Ovaj me\u0111unarodni festival zami\u0161ljen je kao spoj igre, edukacije, obrazovanja, knji\u017eevnosti, teatra za djecu i muzi\u010dkih programa.<\/p>\n<p style=\"text-align: justify;\">Festival je takmi\u010darskog karaktera, a odabrane su predstave za djecu i mlade iz Hrvatske, Srbije, Crne Gore i BiH, te \u0161est muzi\u010dkih horova koji se natje\u010du za izabranu autorsku kompoziciju, a Festival je raspisao i konkurs za najbolju savremenu bajku.<\/p>\n<p style=\"text-align: justify;\">Festival se odr\u017eava pod pokroviteljstvom Vlade Kantona Sarajevo, Ministarstva kulture i sporta Kantona Sarajevo i Op\u0107ine Stari Grad.<\/p>\n<p style=\"text-align: justify;\">Festival ima za cilj da se kreativnim snagama odupre banalizaciji programa za djecu i da najmla\u0111oj publici ponudi samo najbolje programe iz regiona.<\/p>\n<p style=\"text-align: justify;\">Ina\u010de, predstava KRESIVO Pozori\u0161ta lutaka Mostar do sada je dobila brojne nagrade na doma\u0107im i me\u0111unarodnim festivalima, me\u0111u kojima treba ista\u0107i i Gran Prix za najbolju predstavu na Festivalu LUT FEST u I.Sarajevu.<\/p>\n<p style=\"text-align: justify;\">Predstava \u0107e biti odigrana u sarajevskom Pozori\u0161tu mladih 3.maja sa po\u010detkom u 11 sati.<\/p>\n<p style=\"text-align: justify;\">Ulaz na sve programe Festivala je besplatan.<\/p>\n<p style=\"text-align: justify;\">\n","protected":false},"excerpt":{"rendered":"<p>Predstava KRESIVO Pozori\u0161ta lutaka Mostar, nastala prema bajci H.K. Andersena u re\u017eiji gosta iz Bugarske Slav\u010da Malenova, otvorit \u0107e Festival dje\u010dije umjetnosti (FEDU) koji se odr\u017eava u Sarajevu od 2. do 8. maja. <\/p>\n","protected":false},"author":2,"featured_media":2629,"comment_status":"closed","ping_status":"open","sticky":false,"template":"","format":"standard","meta":{"inline_featured_image":false,"footnotes":""},"categories":[1],"tags":[],"class_list":["post-3195","post","type-post","status-publish","format-standard","has-post-thumbnail","hentry","category-press"],"_links":{"self":[{"href":"https:\/\/www.plm.ba\/en\/wp-json\/wp\/v2\/posts\/3195","targetHints":{"allow":["GET"]}}],"collection":[{"href":"https:\/\/www.plm.ba\/en\/wp-json\/wp\/v2\/posts"}],"about":[{"href":"https:\/\/www.plm.ba\/en\/wp-json\/wp\/v2\/types\/post"}],"author":[{"embeddable":true,"href":"https:\/\/www.plm.ba\/en\/wp-json\/wp\/v2\/users\/2"}],"replies":[{"embeddable":true,"href":"https:\/\/www.plm.ba\/en\/wp-json\/wp\/v2\/comments?post=3195"}],"version-history":[{"count":0,"href":"https:\/\/www.plm.ba\/en\/wp-json\/wp\/v2\/posts\/3195\/revisions"}],"wp:featuredmedia":[{"embeddable":true,"href":"https:\/\/www.plm.ba\/en\/wp-json\/wp\/v2\/media\/2629"}],"wp:attachment":[{"href":"https:\/\/www.plm.ba\/en\/wp-json\/wp\/v2\/media?parent=3195"}],"wp:term":[{"taxonomy":"category","embeddable":true,"href":"https:\/\/www.plm.ba\/en\/wp-json\/wp\/v2\/categories?post=3195"},{"taxonomy":"post_tag","embeddable":true,"href":"https:\/\/www.plm.ba\/en\/wp-json\/wp\/v2\/tags?post=3195"}],"curies":[{"name":"wp","href":"https:\/\/api.w.org\/{rel}","templated":true}]}}