{"id":3196,"date":"2016-05-10T08:53:08","date_gmt":"2016-05-10T08:53:08","guid":{"rendered":"https:\/\/www.plm.ba\/igor-vidackovic-najbolji-glumac-festivala-djecije-umjetnosti\/"},"modified":"2016-05-10T08:53:08","modified_gmt":"2016-05-10T08:53:08","slug":"igor-vidackovic-najbolji-glumac-festivala-djecije-umjetnosti","status":"publish","type":"post","link":"https:\/\/www.plm.ba\/en\/2016\/press\/igor-vidackovic-najbolji-glumac-festivala-djecije-umjetnosti\/","title":{"rendered":"Igor Vida\u010dkovi\u0107 najbolji glumac Festivala dje\u010dije umjetnosti"},"content":{"rendered":"<p style=\"text-align: justify;\">U Mostar je stigla jo\u0161 jedna zna\u010dajna nagrada koju su osvojili \u010dlanovi Pozori\u0161ta lutaka. Igor Vida\u010dkovi\u0107, najmla\u0111i \u010dlan gluma\u010dkog ansambla, dobio je Nagradu za najboljeg glumca na upravo zavr\u0161enom me\u0111unarodnom Drugom festivalu dje\u010dije umjetnosti koji se od drugog do osmog maja.<\/p>\n<p style=\"text-align: justify;\">Ovu vrijednu nagradu Vida\u010dkovi\u0107 je osvojio u o\u0161troj konkurenciji najboljih izabranih predstava iz regiona i to za ulogu Vojnika u predstavi \u201eKresivo\u201c nastaloj prema bajci Hansa Kristijana Andersena u re\u017eiji gosta iz Bugarske Slav\u010da Malenova. Ova predstava do sada je osvojila pregr\u0161t nagrada na doma\u0107im i me\u0111unarodnim festivalima, te je ova nagrada za Igora Vida\u010dkovi\u0107a samo jo\u0161 jedna potvrda njenog visokog kvaliteta. Na ovaj na\u010din pokazala se dugoro\u010dno isplativom ispravna repertoarska i kadrovska politika Pozori\u0161ta lutaka Mostar, veliki ulo\u017eeni trud svih njegovih zaposlenika i saradnja sa najboljim evropskim lutkarskim stvaraocima.<\/p>\n<p style=\"text-align: justify;\">Ve\u0107 za nekoliko dana Pozori\u0161te lutaka odlazi na novi festival. Na 17. me\u0111unarodnom lutkarskom festivalu \u201eLut fest\u201c, koji se pod motom \u201eBukvar lutkarstva\u201c odr\u017eava u I. Sarajevu, u takmi\u010darskoj konkurenciji izvest \u0107e predstavu \u201eLjepotica i Zvijer\u201c u re\u017eiji Todora Valova. Na taj na\u010din nastavlja se trijumfalni put ove uspje\u0161ne teatarske ku\u0107e.<\/p>\n","protected":false},"excerpt":{"rendered":"<p>U Mostar je stigla jo\u0161 jedna zna\u010dajna nagrada koju su osvojili \u010dlanovi Pozori\u0161ta lutaka. Igor Vida\u010dkovi\u0107, najmla\u0111i \u010dlan gluma\u010dkog ansambla, dobio je Nagradu za najboljeg glumca na upravo zavr\u0161enom me\u0111unarodnom Drugom festivalu dje\u010dije umjetnosti koji se od drugog do osmog maja.<\/p>\n","protected":false},"author":2,"featured_media":2632,"comment_status":"closed","ping_status":"open","sticky":false,"template":"","format":"standard","meta":{"inline_featured_image":false,"footnotes":""},"categories":[1],"tags":[],"class_list":["post-3196","post","type-post","status-publish","format-standard","has-post-thumbnail","hentry","category-press"],"_links":{"self":[{"href":"https:\/\/www.plm.ba\/en\/wp-json\/wp\/v2\/posts\/3196","targetHints":{"allow":["GET"]}}],"collection":[{"href":"https:\/\/www.plm.ba\/en\/wp-json\/wp\/v2\/posts"}],"about":[{"href":"https:\/\/www.plm.ba\/en\/wp-json\/wp\/v2\/types\/post"}],"author":[{"embeddable":true,"href":"https:\/\/www.plm.ba\/en\/wp-json\/wp\/v2\/users\/2"}],"replies":[{"embeddable":true,"href":"https:\/\/www.plm.ba\/en\/wp-json\/wp\/v2\/comments?post=3196"}],"version-history":[{"count":0,"href":"https:\/\/www.plm.ba\/en\/wp-json\/wp\/v2\/posts\/3196\/revisions"}],"wp:featuredmedia":[{"embeddable":true,"href":"https:\/\/www.plm.ba\/en\/wp-json\/wp\/v2\/media\/2632"}],"wp:attachment":[{"href":"https:\/\/www.plm.ba\/en\/wp-json\/wp\/v2\/media?parent=3196"}],"wp:term":[{"taxonomy":"category","embeddable":true,"href":"https:\/\/www.plm.ba\/en\/wp-json\/wp\/v2\/categories?post=3196"},{"taxonomy":"post_tag","embeddable":true,"href":"https:\/\/www.plm.ba\/en\/wp-json\/wp\/v2\/tags?post=3196"}],"curies":[{"name":"wp","href":"https:\/\/api.w.org\/{rel}","templated":true}]}}