{"id":3202,"date":"2015-07-10T17:56:02","date_gmt":"2015-07-10T17:56:02","guid":{"rendered":"https:\/\/www.plm.ba\/pozoriste-lutaka-na-bascarsijskim-nocima\/"},"modified":"2015-07-10T17:56:02","modified_gmt":"2015-07-10T17:56:02","slug":"pozoriste-lutaka-na-bascarsijskim-nocima","status":"publish","type":"post","link":"https:\/\/www.plm.ba\/en\/2015\/press\/pozoriste-lutaka-na-bascarsijskim-nocima\/","title":{"rendered":"Pozori\u0161te lutaka na &#8220;Ba\u0161\u010dar\u0161ijskim no\u0107ima&#8221;"},"content":{"rendered":"<p style=\"text-align: justify;\">Ansambl Pozori\u0161ta lutaka Mostar ove godine po prvi puta gostovat \u0107e u zvani\u010dnom programu festivala &#8220;Ba\u0161\u010dar\u0161ijske no\u0107i&#8221; u Sarajevu. U petak, 10. jula u 18 sati u dvorani Bosanskog kulturnog centra, popularnog BKC-a, izvest \u0107e svoju najnoviju predstavu &#8220;Ljepotica i Zvijer&#8221; u re\u017eiji gosta iz Bugarske Todora Valova. Scenografija i kreacija lutaka djelo su jedne od najistaknutijih evropskih lutkarskih umjetnica Stefke Kjuvlijeve, izuzetno nadahnutu muziku za ovu predstavu je komponirao Atilla Aksoj, a kostimograf je, tako\u0111e Mostarac, Orhan Imami. U predstavi igraju: Diana Ondelj-Maksumi\u0107, Nermina Denjo, Ned\u017ead Maksumi\u0107, Igor Vida\u010dkovi\u0107 i Ser\u0111o Rado\u0161.<\/p>\n<p style=\"text-align: justify;\">Nakon kra\u0107e ljetne stanke Pozori\u0161te lutaka Mostar, koje je ovu sezonu zavr\u0161ilo sa osam nagrada na doma\u0107im i me\u0111unarodnim festivalima, ve\u0107 20. avgusta sa istom predstavom putuje na me\u0111unarodni festival &#8220;Mini poletje&#8221; u Ljubljani, a odmah zatim sa predstavom &#8220;Ledeno srce&#8221; na Festival lutkarstva u Podgorici (Crna Gora). Poslije toga sa istom predstavom dio su takmi\u010darskog programa na Bijenalu lutkarstva u Bugojnu, gdje su izabrani me\u0111u sedam najboljih lutkarskih predstava sa podru\u010dja biv\u0161e Jugoslavije u posljednje dvije godine. Potom slijedi u\u010de\u0161\u0107e u Dje\u010dijem programu 55. internacionalnog teatarskog festivala MESS u Sarajevu, ovaj put sa &#8220;Ljepoticom i Zvijer&#8221;, sa kojom odmah iza toga Pozori\u0161te lutaka u\u010destvuje i na 14. Me\u0111unarodnom festivalu pozori\u0161ta za djecu u Banja Luci.<\/p>\n","protected":false},"excerpt":{"rendered":"<p>Ansambl Pozori\u0161ta lutaka Mostar ove godine po prvi puta gostovat \u0107e u zvani\u010dnom programu festivala &#8220;Ba\u0161\u010dar\u0161ijske no\u0107i&#8221; u Sarajevu. U petak, 10. jula u 18 sati u dvorani Bosanskog kulturnog centra, popularnog BKC-a, izvest \u0107e svoju najnoviju predstavu &#8220;Ljepotica i Zvijer&#8221; u re\u017eiji gosta iz Bugarske Todora Valova. <\/p>\n","protected":false},"author":2,"featured_media":2622,"comment_status":"closed","ping_status":"open","sticky":false,"template":"","format":"standard","meta":{"inline_featured_image":false,"footnotes":""},"categories":[1],"tags":[],"class_list":["post-3202","post","type-post","status-publish","format-standard","has-post-thumbnail","hentry","category-press"],"_links":{"self":[{"href":"https:\/\/www.plm.ba\/en\/wp-json\/wp\/v2\/posts\/3202","targetHints":{"allow":["GET"]}}],"collection":[{"href":"https:\/\/www.plm.ba\/en\/wp-json\/wp\/v2\/posts"}],"about":[{"href":"https:\/\/www.plm.ba\/en\/wp-json\/wp\/v2\/types\/post"}],"author":[{"embeddable":true,"href":"https:\/\/www.plm.ba\/en\/wp-json\/wp\/v2\/users\/2"}],"replies":[{"embeddable":true,"href":"https:\/\/www.plm.ba\/en\/wp-json\/wp\/v2\/comments?post=3202"}],"version-history":[{"count":0,"href":"https:\/\/www.plm.ba\/en\/wp-json\/wp\/v2\/posts\/3202\/revisions"}],"wp:featuredmedia":[{"embeddable":true,"href":"https:\/\/www.plm.ba\/en\/wp-json\/wp\/v2\/media\/2622"}],"wp:attachment":[{"href":"https:\/\/www.plm.ba\/en\/wp-json\/wp\/v2\/media?parent=3202"}],"wp:term":[{"taxonomy":"category","embeddable":true,"href":"https:\/\/www.plm.ba\/en\/wp-json\/wp\/v2\/categories?post=3202"},{"taxonomy":"post_tag","embeddable":true,"href":"https:\/\/www.plm.ba\/en\/wp-json\/wp\/v2\/tags?post=3202"}],"curies":[{"name":"wp","href":"https:\/\/api.w.org\/{rel}","templated":true}]}}